{"id":2667,"date":"2025-05-01T13:25:55","date_gmt":"2025-05-01T20:25:55","guid":{"rendered":"https:\/\/abcsfostercare.com\/?p=2667"},"modified":"2025-05-01T13:26:29","modified_gmt":"2025-05-01T20:26:29","slug":"meet-the-debenedetto-family-a-foster-care-journey","status":"publish","type":"post","link":"https:\/\/abcsfostercare.com\/es\/meet-the-debenedetto-family-a-foster-care-journey\/","title":{"rendered":"Conozca a la familia DeBenedetto: un viaje de acogida"},"content":{"rendered":"<p class=\"\" data-start=\"189\" data-end=\"463\"><em><img loading=\"lazy\" decoding=\"async\" class=\"wp-image-2668 alignright\" src=\"https:\/\/abcsfostercare.com\/wp-content\/uploads\/sites\/3\/2025\/05\/Foster-Care-Awareness-Month-Meet-The-Family-DeBendetto-Family-240x300.png\" alt=\"Conozca a la familia DeBenedetto: un viaje de acogida.\" width=\"407\" height=\"509\" srcset=\"https:\/\/abcsfostercare.com\/wp-content\/uploads\/sites\/3\/2025\/05\/Foster-Care-Awareness-Month-Meet-The-Family-DeBendetto-Family-240x300.png 240w, https:\/\/abcsfostercare.com\/wp-content\/uploads\/sites\/3\/2025\/05\/Foster-Care-Awareness-Month-Meet-The-Family-DeBendetto-Family-819x1024.png 819w, https:\/\/abcsfostercare.com\/wp-content\/uploads\/sites\/3\/2025\/05\/Foster-Care-Awareness-Month-Meet-The-Family-DeBendetto-Family-768x960.png 768w, https:\/\/abcsfostercare.com\/wp-content\/uploads\/sites\/3\/2025\/05\/Foster-Care-Awareness-Month-Meet-The-Family-DeBendetto-Family-1229x1536.png 1229w, https:\/\/abcsfostercare.com\/wp-content\/uploads\/sites\/3\/2025\/05\/Foster-Care-Awareness-Month-Meet-The-Family-DeBendetto-Family-10x12.png 10w, https:\/\/abcsfostercare.com\/wp-content\/uploads\/sites\/3\/2025\/05\/Foster-Care-Awareness-Month-Meet-The-Family-DeBendetto-Family-1600x2000.png 1600w, https:\/\/abcsfostercare.com\/wp-content\/uploads\/sites\/3\/2025\/05\/Foster-Care-Awareness-Month-Meet-The-Family-DeBendetto-Family.png 1620w\" sizes=\"auto, (max-width: 407px) 100vw, 407px\" \/>Terah y Elijah, una joven pareja de la Regi\u00f3n Central, comenzaron a ser padres de acogida en 2023. Desde que obtuvieron la licencia, han acogido a dos ni\u00f1os en su hogar. Afrontan las alegr\u00edas y los desaf\u00edos del cuidado temporal con una fe firme y un fuerte sentido de comunidad.<\/em><\/p>\n<h2 class=\"\" data-start=\"470\" data-end=\"515\"><strong data-start=\"473\" data-end=\"515\">Conexi\u00f3n de por vida y prop\u00f3sito compartido<\/strong><\/h2>\n<p class=\"\" data-start=\"517\" data-end=\"873\"><strong data-start=\"517\" data-end=\"561\">P: Cu\u00e9ntanos un poco sobre tu familia.<\/strong><br data-start=\"561\" data-end=\"564\" \/><strong data-start=\"564\" data-end=\"570\">A:<\/strong> Nos conocemos de toda la vida y crecimos asistiendo a la misma iglesia. Llevamos tres a\u00f1os casados y hemos tenido la alegr\u00eda de acoger a dos ni\u00f1os en hogares de acogida. Disfrutamos de la lectura, pasear y pasar tiempo de calidad con nuestras familias y nuestra comunidad eclesial.<\/p>\n<h2 class=\"\" data-start=\"880\" data-end=\"917\"><strong data-start=\"883\" data-end=\"917\">Un viaje que comenz\u00f3 r\u00e1pidamente<\/strong><\/h2>\n<p class=\"\" data-start=\"919\" data-end=\"1117\"><strong data-start=\"919\" data-end=\"959\">P: \u00bfCu\u00e1nto tiempo llevas criando ni\u00f1os?<\/strong><br data-start=\"959\" data-end=\"962\" \/><strong data-start=\"962\" data-end=\"968\">A:<\/strong> Llevamos aproximadamente un a\u00f1o y medio criando animales de acogida. \u00a1Obtuvimos la licencia oficial en noviembre de 2023 y conseguimos nuestra primera adopci\u00f3n ese mismo d\u00eda!<\/p>\n<h2 class=\"\" data-start=\"1124\" data-end=\"1162\"><strong data-start=\"1127\" data-end=\"1162\">Llamados a cuidar, guiados por la fe<\/strong><\/h2>\n<p class=\"\" data-start=\"1164\" data-end=\"1598\"><strong data-start=\"1164\" data-end=\"1215\">P: \u00bfQu\u00e9 les hizo querer convertirse en padres adoptivos?<\/strong><br data-start=\"1215\" data-end=\"1218\" \/><strong data-start=\"1218\" data-end=\"1224\">A:<\/strong> Al crecer, estuvimos rodeados de familias de acogida en nuestra iglesia, y desde entonces nos sentimos llamados a cuidar a ni\u00f1os que necesitan un hogar seguro y amoroso, y a compartir con ellos el amor de Jes\u00fas. Aunque al principio pensamos que esto ser\u00eda algo que perseguir\u00edamos m\u00e1s adelante, nuestra experiencia con la infertilidad nos ayud\u00f3 a ver que Dios nos estaba abriendo las puertas al acogimiento familiar.<\/p>\n<h2 class=\"\" data-start=\"1605\" data-end=\"1643\"><strong data-start=\"1608\" data-end=\"1643\">Aprendiendo a vivir en lo desconocido<\/strong><\/h2>\n<p class=\"\" data-start=\"1645\" data-end=\"2010\"><strong data-start=\"1645\" data-end=\"1699\">P: \u00bfCu\u00e1l ha sido la parte m\u00e1s dif\u00edcil de ser padre de crianza?<\/strong><br data-start=\"1699\" data-end=\"1702\" \/><strong data-start=\"1702\" data-end=\"1708\">A:<\/strong> Uno de los mayores desaf\u00edos ha sido vivir en lo desconocido. Constantemente debemos recordarnos que debemos confiar en el plan de Dios para cada ni\u00f1o que nos ha sido confiado. Aunque creamos saber qu\u00e9 es lo mejor, descansamos en la verdad de que sus caminos son superiores a los nuestros y que \u00e9l ama a estos ni\u00f1os a\u00fan m\u00e1s que nosotros.<\/p>\n<h2 class=\"\" data-start=\"2017\" data-end=\"2056\"><strong data-start=\"2020\" data-end=\"2056\">La alegr\u00eda de la conexi\u00f3n y el crecimiento<\/strong><\/h2>\n<p class=\"\" data-start=\"2058\" data-end=\"2486\"><strong data-start=\"2058\" data-end=\"2113\">P: \u00bfQu\u00e9 ha sido lo m\u00e1s dulce de ser padre adoptivo?<\/strong><br data-start=\"2113\" data-end=\"2116\" \/><strong data-start=\"2116\" data-end=\"2122\">A:<\/strong> La mayor alegr\u00eda han sido los ni\u00f1os que hemos tenido el privilegio de acoger en nuestro hogar y verlos crecer, sanar y prosperar. Adem\u00e1s, hemos tenido la incre\u00edble suerte de desarrollar una relaci\u00f3n s\u00f3lida y duradera con la familia biol\u00f3gica de nuestro primer hogar. Ha sido un regalo seguir formando parte de su vida y presenciar su crecimiento tras la reunificaci\u00f3n.<\/p>\n<h2 class=\"\" data-start=\"2493\" data-end=\"2539\"><strong data-start=\"2496\" data-end=\"2539\">\u00c1nimo para futuros padres de acogida<\/strong><\/h2>\n<p class=\"\" data-start=\"2541\" data-end=\"2779\"><strong data-start=\"2541\" data-end=\"2632\">P: \u00bfQu\u00e9 consejo compartir\u00eda con otras personas que est\u00e1n considerando convertirse en padres adoptivos?<\/strong><br data-start=\"2632\" data-end=\"2635\" \/><strong data-start=\"2635\" data-end=\"2641\">A:<\/strong> Si Dios est\u00e1 moviendo tu coraz\u00f3n hacia el cuidado temporal, pero te sientes inadecuado o temeroso, debes saber esto: \u00c9l te equipar\u00e1 para el viaje.<\/p>\n<h2 class=\"\" data-start=\"2786\" data-end=\"2832\"><strong data-start=\"2789\" data-end=\"2832\">El cuidado temporal comienza con un coraz\u00f3n dispuesto<\/strong><\/h2>\n<p class=\"\" data-start=\"2798\" data-end=\"3035\">Los DeBenedetto ingresaron al sistema de acogida con un coraz\u00f3n dispuesto, una fe firme y el deseo de amar bien a los ni\u00f1os. Contin\u00faan creciendo en cada acogida y cada relaci\u00f3n, confiando en que Dios obra en cada paso de su camino.<\/p>\n<p class=\"\" data-start=\"3037\" data-end=\"3171\"><br data-start=\"3092\" data-end=\"3095\" \/>Si ellos pueden hacerlo t\u00fa tambi\u00e9n puedes, da el primer paso y descubre c\u00f3mo tu \u201cs\u00ed\u201d puede impactar el futuro de un ni\u00f1o.<\/p>\n<p class=\"\" data-start=\"3211\" data-end=\"3315\"><strong data-start=\"3211\" data-end=\"3233\">Da el siguiente paso<\/strong><br data-start=\"3233\" data-end=\"3236\" \/>\u2192 <a href=\"https:\/\/abcsfostercare.com\/es\/about\/\">Obtenga m\u00e1s informaci\u00f3n sobre la crianza temporal<\/a>.<br data-start=\"4333\" data-end=\"4336\" \/>\u2192 <a href=\"https:\/\/forms.office.com\/Pages\/ResponsePage.aspx?id=vXJBr6YFZ0GVMfXKRM4TYCw2wut_yaZCtFnvtcIREe1UMEhRVjJBUTczRkhMRTFRVUZPS0RLRjMwNCQlQCN0PWcu\">\u00a1Con\u00e9ctate con nuestro equipo para comenzar!<\/a><\/p>","protected":false},"excerpt":{"rendered":"<p>Terah y Elijah, una pareja joven de la Regi\u00f3n Central, comenzaron a ser padres de crianza en 2023. Desde que obtuvieron la licencia, han acogido a dos<a class=\"moretag\" href=\"https:\/\/abcsfostercare.com\/es\/meet-the-debenedetto-family-a-foster-care-journey\/\">\u2026<\/a><\/p>","protected":false},"author":29,"featured_media":2668,"comment_status":"closed","ping_status":"closed","sticky":false,"template":"","format":"standard","meta":{"_acf_changed":false,"_monsterinsights_skip_tracking":false,"footnotes":""},"categories":[5],"tags":[],"class_list":["post-2667","post","type-post","status-publish","format-standard","has-post-thumbnail","hentry","category-stories"],"acf":[],"yoast_head":"<!-- This site is optimized with the Yoast SEO plugin v28.2 - https:\/\/yoast.com\/product\/yoast-seo-wordpress\/ -->\n<title>Meet the DeBenedetto Family: A Foster Care Journey - Arms of Love Foster Care &amp; Parent Aide<\/title>\n<meta name=\"description\" content=\"Arms of Love | Partnering with the state to provide foster care and adoption services. Meet the DeBenedetto Family: A Foster Care Journey.\" \/>\n<meta name=\"robots\" content=\"index, follow, max-snippet:-1, max-image-preview:large, max-video-preview:-1\" \/>\n<link rel=\"canonical\" href=\"https:\/\/abcsfostercare.com\/es\/meet-the-debenedetto-family-a-foster-care-journey\/\" \/>\n<meta property=\"og:locale\" content=\"es_MX\" \/>\n<meta property=\"og:type\" content=\"article\" \/>\n<meta property=\"og:title\" content=\"Meet the DeBenedetto Family: A Foster Care Journey - Arms of Love Foster Care &amp; Parent Aide\" \/>\n<meta property=\"og:description\" content=\"Arms of Love | Partnering with the state to provide foster care and adoption services. Meet the DeBenedetto Family: A Foster Care Journey.\" \/>\n<meta property=\"og:url\" content=\"https:\/\/abcsfostercare.com\/es\/meet-the-debenedetto-family-a-foster-care-journey\/\" \/>\n<meta property=\"og:site_name\" content=\"Arms of Love Foster Care &amp; Parent Aide\" \/>\n<meta property=\"article:published_time\" content=\"2025-05-01T20:25:55+00:00\" \/>\n<meta property=\"article:modified_time\" content=\"2025-05-01T20:26:29+00:00\" \/>\n<meta property=\"og:image\" content=\"https:\/\/abcsfostercare.com\/wp-content\/uploads\/sites\/3\/2025\/05\/Foster-Care-Awareness-Month-Meet-The-Family-DeBendetto-Family-819x1024.png\" \/>\n\t<meta property=\"og:image:width\" content=\"819\" \/>\n\t<meta property=\"og:image:height\" content=\"1024\" \/>\n\t<meta property=\"og:image:type\" content=\"image\/png\" \/>\n<meta name=\"twitter:card\" content=\"summary_large_image\" \/>\n<meta name=\"twitter:label1\" content=\"Escrito por\" \/>\n\t<meta name=\"twitter:data1\" content=\"\" \/>\n\t<meta name=\"twitter:label2\" content=\"Tiempo de lectura\" \/>\n\t<meta name=\"twitter:data2\" content=\"3 minutos\" \/>\n<script type=\"application\/ld+json\" class=\"yoast-schema-graph\">{\"@context\":\"https:\\\/\\\/schema.org\",\"@graph\":[{\"@type\":\"Article\",\"@id\":\"https:\\\/\\\/abcsfostercare.com\\\/meet-the-debenedetto-family-a-foster-care-journey\\\/#article\",\"isPartOf\":{\"@id\":\"https:\\\/\\\/abcsfostercare.com\\\/meet-the-debenedetto-family-a-foster-care-journey\\\/\"},\"author\":{\"name\":\"\",\"@id\":\"\"},\"headline\":\"Meet the DeBenedetto Family: A Foster Care Journey\",\"datePublished\":\"2025-05-01T20:25:55+00:00\",\"dateModified\":\"2025-05-01T20:26:29+00:00\",\"mainEntityOfPage\":{\"@id\":\"https:\\\/\\\/abcsfostercare.com\\\/meet-the-debenedetto-family-a-foster-care-journey\\\/\"},\"wordCount\":526,\"image\":{\"@id\":\"https:\\\/\\\/abcsfostercare.com\\\/meet-the-debenedetto-family-a-foster-care-journey\\\/#primaryimage\"},\"thumbnailUrl\":\"https:\\\/\\\/abcsfostercare.com\\\/wp-content\\\/uploads\\\/sites\\\/3\\\/2025\\\/05\\\/Foster-Care-Awareness-Month-Meet-The-Family-DeBendetto-Family.png\",\"articleSection\":[\"Stories\"],\"inLanguage\":\"es\"},{\"@type\":\"WebPage\",\"@id\":\"https:\\\/\\\/abcsfostercare.com\\\/meet-the-debenedetto-family-a-foster-care-journey\\\/\",\"url\":\"https:\\\/\\\/abcsfostercare.com\\\/meet-the-debenedetto-family-a-foster-care-journey\\\/\",\"name\":\"Meet the DeBenedetto Family: A Foster Care Journey - Arms of Love Foster Care &amp; Parent Aide\",\"isPartOf\":{\"@id\":\"https:\\\/\\\/abcsfostercare.com\\\/#website\"},\"primaryImageOfPage\":{\"@id\":\"https:\\\/\\\/abcsfostercare.com\\\/meet-the-debenedetto-family-a-foster-care-journey\\\/#primaryimage\"},\"image\":{\"@id\":\"https:\\\/\\\/abcsfostercare.com\\\/meet-the-debenedetto-family-a-foster-care-journey\\\/#primaryimage\"},\"thumbnailUrl\":\"https:\\\/\\\/abcsfostercare.com\\\/wp-content\\\/uploads\\\/sites\\\/3\\\/2025\\\/05\\\/Foster-Care-Awareness-Month-Meet-The-Family-DeBendetto-Family.png\",\"datePublished\":\"2025-05-01T20:25:55+00:00\",\"dateModified\":\"2025-05-01T20:26:29+00:00\",\"author\":{\"@id\":\"\"},\"description\":\"Arms of Love | Partnering with the state to provide foster care and adoption services. Meet the DeBenedetto Family: A Foster Care Journey.\",\"breadcrumb\":{\"@id\":\"https:\\\/\\\/abcsfostercare.com\\\/meet-the-debenedetto-family-a-foster-care-journey\\\/#breadcrumb\"},\"inLanguage\":\"es\",\"potentialAction\":[{\"@type\":\"ReadAction\",\"target\":[\"https:\\\/\\\/abcsfostercare.com\\\/meet-the-debenedetto-family-a-foster-care-journey\\\/\"]}]},{\"@type\":\"ImageObject\",\"inLanguage\":\"es\",\"@id\":\"https:\\\/\\\/abcsfostercare.com\\\/meet-the-debenedetto-family-a-foster-care-journey\\\/#primaryimage\",\"url\":\"https:\\\/\\\/abcsfostercare.com\\\/wp-content\\\/uploads\\\/sites\\\/3\\\/2025\\\/05\\\/Foster-Care-Awareness-Month-Meet-The-Family-DeBendetto-Family.png\",\"contentUrl\":\"https:\\\/\\\/abcsfostercare.com\\\/wp-content\\\/uploads\\\/sites\\\/3\\\/2025\\\/05\\\/Foster-Care-Awareness-Month-Meet-The-Family-DeBendetto-Family.png\",\"width\":1620,\"height\":2025,\"caption\":\"Meet the DeBenedetto Family: A Foster Care Journey.\"},{\"@type\":\"BreadcrumbList\",\"@id\":\"https:\\\/\\\/abcsfostercare.com\\\/meet-the-debenedetto-family-a-foster-care-journey\\\/#breadcrumb\",\"itemListElement\":[{\"@type\":\"ListItem\",\"position\":1,\"name\":\"Home\",\"item\":\"https:\\\/\\\/abcsfostercare.com\\\/\"},{\"@type\":\"ListItem\",\"position\":2,\"name\":\"Meet the DeBenedetto Family: A Foster Care Journey\"}]},{\"@type\":\"WebSite\",\"@id\":\"https:\\\/\\\/abcsfostercare.com\\\/#website\",\"url\":\"https:\\\/\\\/abcsfostercare.com\\\/\",\"name\":\"Arms of Love Foster Care &amp; Parent Aide\",\"description\":\"Foster Care &amp; Parent Aide\",\"potentialAction\":[{\"@type\":\"SearchAction\",\"target\":{\"@type\":\"EntryPoint\",\"urlTemplate\":\"https:\\\/\\\/abcsfostercare.com\\\/?s={search_term_string}\"},\"query-input\":{\"@type\":\"PropertyValueSpecification\",\"valueRequired\":true,\"valueName\":\"search_term_string\"}}],\"inLanguage\":\"es\"},{\"@type\":\"Person\",\"@id\":\"\",\"url\":\"https:\\\/\\\/abcsfostercare.com\\\/es\\\/author\\\/\"}]}<\/script>\n<!-- \/ Yoast SEO plugin. -->","yoast_head_json":{"title":"Conozca a la familia DeBenedetto: Una historia de acogimiento familiar - Arms of Love Foster Care &amp; Parent Aide","description":"Brazos de Amor | Colaborando con el estado para brindar servicios de acogida y adopci\u00f3n. Conoce a la familia DeBenedetto: Una experiencia en acogida.","robots":{"index":"index","follow":"follow","max-snippet":"max-snippet:-1","max-image-preview":"max-image-preview:large","max-video-preview":"max-video-preview:-1"},"canonical":"https:\/\/abcsfostercare.com\/es\/meet-the-debenedetto-family-a-foster-care-journey\/","og_locale":"es_MX","og_type":"article","og_title":"Meet the DeBenedetto Family: A Foster Care Journey - Arms of Love Foster Care &amp; Parent Aide","og_description":"Arms of Love | Partnering with the state to provide foster care and adoption services. Meet the DeBenedetto Family: A Foster Care Journey.","og_url":"https:\/\/abcsfostercare.com\/es\/meet-the-debenedetto-family-a-foster-care-journey\/","og_site_name":"Arms of Love Foster Care &amp; Parent Aide","article_published_time":"2025-05-01T20:25:55+00:00","article_modified_time":"2025-05-01T20:26:29+00:00","og_image":[{"width":819,"height":1024,"url":"https:\/\/abcsfostercare.com\/wp-content\/uploads\/sites\/3\/2025\/05\/Foster-Care-Awareness-Month-Meet-The-Family-DeBendetto-Family-819x1024.png","type":"image\/png"}],"twitter_card":"summary_large_image","twitter_misc":{"Escrito por":"","Tiempo de lectura":"3 minutos"},"schema":{"@context":"https:\/\/schema.org","@graph":[{"@type":"Article","@id":"https:\/\/abcsfostercare.com\/meet-the-debenedetto-family-a-foster-care-journey\/#article","isPartOf":{"@id":"https:\/\/abcsfostercare.com\/meet-the-debenedetto-family-a-foster-care-journey\/"},"author":{"name":"","@id":""},"headline":"Meet the DeBenedetto Family: A Foster Care Journey","datePublished":"2025-05-01T20:25:55+00:00","dateModified":"2025-05-01T20:26:29+00:00","mainEntityOfPage":{"@id":"https:\/\/abcsfostercare.com\/meet-the-debenedetto-family-a-foster-care-journey\/"},"wordCount":526,"image":{"@id":"https:\/\/abcsfostercare.com\/meet-the-debenedetto-family-a-foster-care-journey\/#primaryimage"},"thumbnailUrl":"https:\/\/abcsfostercare.com\/wp-content\/uploads\/sites\/3\/2025\/05\/Foster-Care-Awareness-Month-Meet-The-Family-DeBendetto-Family.png","articleSection":["Stories"],"inLanguage":"es"},{"@type":"WebPage","@id":"https:\/\/abcsfostercare.com\/meet-the-debenedetto-family-a-foster-care-journey\/","url":"https:\/\/abcsfostercare.com\/meet-the-debenedetto-family-a-foster-care-journey\/","name":"Conozca a la familia DeBenedetto: Una historia de acogimiento familiar - Arms of Love Foster Care &amp; Parent Aide","isPartOf":{"@id":"https:\/\/abcsfostercare.com\/#website"},"primaryImageOfPage":{"@id":"https:\/\/abcsfostercare.com\/meet-the-debenedetto-family-a-foster-care-journey\/#primaryimage"},"image":{"@id":"https:\/\/abcsfostercare.com\/meet-the-debenedetto-family-a-foster-care-journey\/#primaryimage"},"thumbnailUrl":"https:\/\/abcsfostercare.com\/wp-content\/uploads\/sites\/3\/2025\/05\/Foster-Care-Awareness-Month-Meet-The-Family-DeBendetto-Family.png","datePublished":"2025-05-01T20:25:55+00:00","dateModified":"2025-05-01T20:26:29+00:00","author":{"@id":""},"description":"Brazos de Amor | Colaborando con el estado para brindar servicios de acogida y adopci\u00f3n. Conoce a la familia DeBenedetto: Una experiencia en acogida.","breadcrumb":{"@id":"https:\/\/abcsfostercare.com\/meet-the-debenedetto-family-a-foster-care-journey\/#breadcrumb"},"inLanguage":"es","potentialAction":[{"@type":"ReadAction","target":["https:\/\/abcsfostercare.com\/meet-the-debenedetto-family-a-foster-care-journey\/"]}]},{"@type":"ImageObject","inLanguage":"es","@id":"https:\/\/abcsfostercare.com\/meet-the-debenedetto-family-a-foster-care-journey\/#primaryimage","url":"https:\/\/abcsfostercare.com\/wp-content\/uploads\/sites\/3\/2025\/05\/Foster-Care-Awareness-Month-Meet-The-Family-DeBendetto-Family.png","contentUrl":"https:\/\/abcsfostercare.com\/wp-content\/uploads\/sites\/3\/2025\/05\/Foster-Care-Awareness-Month-Meet-The-Family-DeBendetto-Family.png","width":1620,"height":2025,"caption":"Meet the DeBenedetto Family: A Foster Care Journey."},{"@type":"BreadcrumbList","@id":"https:\/\/abcsfostercare.com\/meet-the-debenedetto-family-a-foster-care-journey\/#breadcrumb","itemListElement":[{"@type":"ListItem","position":1,"name":"Home","item":"https:\/\/abcsfostercare.com\/"},{"@type":"ListItem","position":2,"name":"Meet the DeBenedetto Family: A Foster Care Journey"}]},{"@type":"WebSite","@id":"https:\/\/abcsfostercare.com\/#website","url":"https:\/\/abcsfostercare.com\/","name":"Arms of Love Foster Care y Parent Aide","description":"Cuidado de crianza y asistente de padres","potentialAction":[{"@type":"SearchAction","target":{"@type":"EntryPoint","urlTemplate":"https:\/\/abcsfostercare.com\/?s={search_term_string}"},"query-input":{"@type":"PropertyValueSpecification","valueRequired":true,"valueName":"search_term_string"}}],"inLanguage":"es"},{"@type":"Person","@id":"","url":"https:\/\/abcsfostercare.com\/es\/author\/"}]}},"_links":{"self":[{"href":"https:\/\/abcsfostercare.com\/es\/wp-json\/wp\/v2\/posts\/2667","targetHints":{"allow":["GET"]}}],"collection":[{"href":"https:\/\/abcsfostercare.com\/es\/wp-json\/wp\/v2\/posts"}],"about":[{"href":"https:\/\/abcsfostercare.com\/es\/wp-json\/wp\/v2\/types\/post"}],"author":[{"embeddable":true,"href":"https:\/\/abcsfostercare.com\/es\/wp-json\/wp\/v2\/users\/29"}],"replies":[{"embeddable":true,"href":"https:\/\/abcsfostercare.com\/es\/wp-json\/wp\/v2\/comments?post=2667"}],"version-history":[{"count":1,"href":"https:\/\/abcsfostercare.com\/es\/wp-json\/wp\/v2\/posts\/2667\/revisions"}],"predecessor-version":[{"id":2669,"href":"https:\/\/abcsfostercare.com\/es\/wp-json\/wp\/v2\/posts\/2667\/revisions\/2669"}],"wp:featuredmedia":[{"embeddable":true,"href":"https:\/\/abcsfostercare.com\/es\/wp-json\/wp\/v2\/media\/2668"}],"wp:attachment":[{"href":"https:\/\/abcsfostercare.com\/es\/wp-json\/wp\/v2\/media?parent=2667"}],"wp:term":[{"taxonomy":"category","embeddable":true,"href":"https:\/\/abcsfostercare.com\/es\/wp-json\/wp\/v2\/categories?post=2667"},{"taxonomy":"post_tag","embeddable":true,"href":"https:\/\/abcsfostercare.com\/es\/wp-json\/wp\/v2\/tags?post=2667"}],"curies":[{"name":"gracias","href":"https:\/\/api.w.org\/{rel}","templated":true}]}}