{"id":2664,"date":"2025-05-01T13:12:10","date_gmt":"2025-05-01T20:12:10","guid":{"rendered":"https:\/\/abcsfostercare.com\/?p=2664"},"modified":"2025-05-05T09:43:42","modified_gmt":"2025-05-05T16:43:42","slug":"meet-the-curtis-family-a-foster-care-journey","status":"publish","type":"post","link":"https:\/\/abcsfostercare.com\/es\/meet-the-curtis-family-a-foster-care-journey\/","title":{"rendered":"Conozca a la familia Curtis: un viaje de acogida"},"content":{"rendered":"<p class=\"\" data-start=\"305\" data-end=\"590\"><em><img loading=\"lazy\" decoding=\"async\" class=\"wp-image-2665 alignright\" src=\"https:\/\/abcsfostercare.com\/wp-content\/uploads\/sites\/3\/2025\/05\/Para-Curtis-Family-Foster-Care-Awareness-Month-Meet-The-Family-240x300.png\" alt=\"Conozca a la familia Para-Curtis: un viaje de acogida.\" width=\"360\" height=\"450\" srcset=\"https:\/\/abcsfostercare.com\/wp-content\/uploads\/sites\/3\/2025\/05\/Para-Curtis-Family-Foster-Care-Awareness-Month-Meet-The-Family-240x300.png 240w, https:\/\/abcsfostercare.com\/wp-content\/uploads\/sites\/3\/2025\/05\/Para-Curtis-Family-Foster-Care-Awareness-Month-Meet-The-Family-819x1024.png 819w, https:\/\/abcsfostercare.com\/wp-content\/uploads\/sites\/3\/2025\/05\/Para-Curtis-Family-Foster-Care-Awareness-Month-Meet-The-Family-768x960.png 768w, https:\/\/abcsfostercare.com\/wp-content\/uploads\/sites\/3\/2025\/05\/Para-Curtis-Family-Foster-Care-Awareness-Month-Meet-The-Family-1229x1536.png 1229w, https:\/\/abcsfostercare.com\/wp-content\/uploads\/sites\/3\/2025\/05\/Para-Curtis-Family-Foster-Care-Awareness-Month-Meet-The-Family-10x12.png 10w, https:\/\/abcsfostercare.com\/wp-content\/uploads\/sites\/3\/2025\/05\/Para-Curtis-Family-Foster-Care-Awareness-Month-Meet-The-Family-1600x2000.png 1600w, https:\/\/abcsfostercare.com\/wp-content\/uploads\/sites\/3\/2025\/05\/Para-Curtis-Family-Foster-Care-Awareness-Month-Meet-The-Family.png 1620w\" sizes=\"auto, (max-width: 360px) 100vw, 360px\" \/>Conozca a la familia Curtis, padres de acogida en la Regi\u00f3n Central que han dedicado los \u00faltimos tres a\u00f1os al cuidado de ni\u00f1os necesitados. Con experiencia en bienes ra\u00edces y trabajo social, Scott y su esposa utilizan su experiencia y compasi\u00f3n para brindar un hogar seguro y acogedor a ni\u00f1os peque\u00f1os.<\/em><\/p>\n<h2 class=\"\" data-start=\"597\" data-end=\"630\"><strong data-start=\"600\" data-end=\"630\">Arraigado en el amor y el prop\u00f3sito<\/strong><\/h2>\n<p class=\"\" data-start=\"632\" data-end=\"1067\"><strong data-start=\"632\" data-end=\"676\">P: Cu\u00e9ntanos un poco sobre tu familia.<\/strong><br data-start=\"676\" data-end=\"679\" \/><strong data-start=\"679\" data-end=\"685\">A:<\/strong> Scott y yo llevamos ocho maravillosos a\u00f1os casados. \u00c9l trabaja en el sector inmobiliario y yo soy trabajadora social escolar y terapeuta. Juntos, navegamos por el maravilloso y ca\u00f3tico mundo de la crianza. Actualmente, estamos criando a tres ni\u00f1os peque\u00f1os maravillosos, y este mes tendremos la inmensa alegr\u00eda de adoptar a uno de ellos. Nuestro hogar est\u00e1 lleno de vocecitas, grandes emociones y una gracia infinita.<\/p>\n<p class=\"\" data-start=\"1113\" data-end=\"1266\"><strong data-start=\"1113\" data-end=\"1153\">P: \u00bfCu\u00e1nto tiempo llevas criando ni\u00f1os?<\/strong><br data-start=\"1153\" data-end=\"1156\" \/><strong data-start=\"1156\" data-end=\"1162\">A:<\/strong> Hemos estado criando ni\u00f1os durante tres a\u00f1os y en ese tiempo, nuestros corazones han crecido de maneras que nunca imaginamos.<\/p>\n<h2 class=\"\" data-start=\"1273\" data-end=\"1304\"><strong data-start=\"1276\" data-end=\"1304\">Un llamado desde el principio<\/strong><\/h2>\n<p class=\"\" data-start=\"1306\" data-end=\"1913\"><strong data-start=\"1306\" data-end=\"1357\">P: \u00bfQu\u00e9 les hizo querer convertirse en padres adoptivos?<\/strong><br data-start=\"1357\" data-end=\"1360\" \/><strong data-start=\"1360\" data-end=\"1366\">A:<\/strong> Hablamos de la acogida familiar incluso antes de casarnos. Ambos trabaj\u00e1bamos en salud mental y vimos de primera mano cu\u00e1nto apoyo necesitan los ni\u00f1os y las familias. Al principio, pens\u00e1bamos tener hijos biol\u00f3gicos primero y luego una familia de acogida, pero Dios ten\u00eda otros planes. Nuestro camino comenz\u00f3 antes de lo esperado y ha sido uno de los llamados m\u00e1s sagrados que hemos respondido. Nos convertimos en padres de acogida para ser un refugio seguro para los ni\u00f1os en transici\u00f3n, para cubrirlos con oraciones y para ofrecer un espacio donde la sanaci\u00f3n y la esperanza pudieran empezar a echar ra\u00edces.<\/p>\n<h2 class=\"\" data-start=\"1920\" data-end=\"1971\"><strong data-start=\"1923\" data-end=\"1971\">Amar a trav\u00e9s de la incertidumbre<\/strong><\/h2>\n<p class=\"\" data-start=\"1973\" data-end=\"2418\"><strong data-start=\"1973\" data-end=\"2027\">P: \u00bfCu\u00e1l ha sido la parte m\u00e1s dif\u00edcil de ser padre de crianza?<\/strong><br data-start=\"2027\" data-end=\"2030\" \/><strong data-start=\"2030\" data-end=\"2036\">A:<\/strong> Lo m\u00e1s dif\u00edcil es amar profundamente a un hijo cuando no se garantiza su futuro contigo. Es crear espacio para el dolor y la alegr\u00eda al mismo tiempo. Ser padre de acogida te expone a la angustia, la incertidumbre y una vulnerabilidad para la que ninguna formaci\u00f3n puede prepararte del todo. El trauma, la p\u00e9rdida, las inconsistencias del sistema: nada es f\u00e1cil. Pero siempre vale la pena afrontarlo.<\/p>\n<h2 class=\"\" data-start=\"2425\" data-end=\"2467\"><strong data-start=\"2428\" data-end=\"2467\">Sanaci\u00f3n y esperanza<\/strong><\/h2>\n<p class=\"\" data-start=\"2469\" data-end=\"2906\"><strong data-start=\"2469\" data-end=\"2524\">P: \u00bfQu\u00e9 ha sido lo m\u00e1s dulce de ser padre adoptivo?<\/strong><br data-start=\"2524\" data-end=\"2527\" \/><strong data-start=\"2527\" data-end=\"2533\">A:<\/strong> No hay nada m\u00e1s dulce que amar a nuestros hijos y acompa\u00f1ar a sus familias. Ser testigo de la reunificaci\u00f3n y formar parte de una historia de sanaci\u00f3n y restauraci\u00f3n es una labor sagrada. La crianza compartida, cuando funciona, es hermosa. Es un honor ofrecer amor tangible y apoyo constante a los ni\u00f1os y a sus cuidadores que luchan por reunificar a sus familias.<\/p>\n<h2 class=\"\" data-start=\"2913\" data-end=\"2956\"><strong data-start=\"2916\" data-end=\"2956\">Palabras sabias para futuros padres de acogida<\/strong><\/h2>\n<p class=\"\" data-start=\"2958\" data-end=\"3532\"><strong data-start=\"2958\" data-end=\"3049\">P: \u00bfQu\u00e9 consejo compartir\u00eda con otras personas que est\u00e1n considerando convertirse en padres adoptivos?<\/strong><br data-start=\"3049\" data-end=\"3052\" \/><strong data-start=\"3052\" data-end=\"3058\">A:<\/strong> Ora. Ora por los ni\u00f1os a los que les dir\u00e1s que s\u00ed y por los que tendr\u00e1s que decir que no. Ora por los padres y las familias de los ni\u00f1os que amar\u00e1s. Deja que tu coraz\u00f3n se ablande hacia quienes luchan contra la adicci\u00f3n, la pobreza y las enfermedades mentales. Si temes encari\u00f1arte demasiado, es precisamente por eso que debes hacerlo. Estos ni\u00f1os merecen ese tipo de amor. E incluso si no est\u00e1s listo para acoger a otros, busca maneras de apoyar a quienes s\u00ed lo est\u00e1n: comidas, cuidado de ni\u00f1os, atenci\u00f3n. Todo importa.<\/p>\n<h2 class=\"\" data-start=\"3539\" data-end=\"3562\"><strong data-start=\"3542\" data-end=\"3562\">No est\u00e1s solo<\/strong><\/h2>\n<p class=\"\" data-start=\"3564\" data-end=\"3913\"><strong data-start=\"3564\" data-end=\"3618\">P: \u00bfHay algo m\u00e1s que le gustar\u00eda compartir?<\/strong><br data-start=\"3618\" data-end=\"3621\" \/><strong data-start=\"3621\" data-end=\"3627\">A:<\/strong> No est\u00e1s solo. Hay un pueblo entero dispuesto a apoyarte, a llorar contigo, a celebrar tus peque\u00f1as victorias. El acogimiento familiar es complejo, hermoso e incre\u00edblemente sagrado. Te har\u00e1 crecer, te abrir\u00e1 y te reconstruir\u00e1 de las maneras m\u00e1s inesperadas y llenas de gracia.<\/p>\n<h2 class=\"\" data-start=\"3920\" data-end=\"3974\"><strong data-start=\"3923\" data-end=\"3974\">Responda al llamado de crianza<br \/>\n<\/strong><\/h2>\n<p class=\"\" data-start=\"3976\" data-end=\"4203\">La familia Curtis es un ejemplo de lo que significa amar desinteresadamente y criar con sacrificio. Su historia es un poderoso recordatorio de que el acogimiento familiar no se trata solo de ni\u00f1os, sino de familias, sanaci\u00f3n y comunidad.<\/p>\n<p class=\"\" data-start=\"3976\" data-end=\"4203\">Hay un ni\u00f1o que necesita tu amor y una familia que necesita tu apoyo.<\/p>\n<p class=\"\" data-start=\"4337\" data-end=\"4470\"><strong data-start=\"4337\" data-end=\"4372\">Comience su viaje de acogida hoy<\/strong><br data-start=\"4372\" data-end=\"4375\" \/>\u2192 <a href=\"https:\/\/abcsfostercare.com\/es\/about\/\">Obtenga m\u00e1s informaci\u00f3n sobre la crianza temporal<\/a>.<br data-start=\"4333\" data-end=\"4336\" \/>\u2192 <a href=\"https:\/\/forms.office.com\/Pages\/ResponsePage.aspx?id=vXJBr6YFZ0GVMfXKRM4TYCw2wut_yaZCtFnvtcIREe1UMEhRVjJBUTczRkhMRTFRVUZPS0RLRjMwNCQlQCN0PWcu\">\u00a1Con\u00e9ctate con nuestro equipo para comenzar!<\/a><\/p>","protected":false},"excerpt":{"rendered":"<p>Conozca a la familia Curtis, padres adoptivos en la Regi\u00f3n Central que han pasado los \u00faltimos tres a\u00f1os cuidando ni\u00f1os.<a class=\"moretag\" href=\"https:\/\/abcsfostercare.com\/es\/meet-the-curtis-family-a-foster-care-journey\/\">\u2026<\/a><\/p>","protected":false},"author":29,"featured_media":2665,"comment_status":"closed","ping_status":"closed","sticky":false,"template":"","format":"standard","meta":{"_acf_changed":false,"_monsterinsights_skip_tracking":false,"footnotes":""},"categories":[5],"tags":[],"class_list":["post-2664","post","type-post","status-publish","format-standard","has-post-thumbnail","hentry","category-stories"],"acf":[],"yoast_head":"<!-- This site is optimized with the Yoast SEO plugin v28.2 - https:\/\/yoast.com\/product\/yoast-seo-wordpress\/ -->\n<title>Meet the Curtis Family: A Foster Care Journey - Arms of Love Foster Care &amp; Parent Aide<\/title>\n<meta name=\"description\" content=\"Arms of Love | Partnering with the state to provide foster care and adoption services. Meet the Curtis Family: A Foster Care Journey.\" \/>\n<meta name=\"robots\" content=\"index, follow, max-snippet:-1, max-image-preview:large, max-video-preview:-1\" \/>\n<link rel=\"canonical\" href=\"https:\/\/abcsfostercare.com\/es\/meet-the-curtis-family-a-foster-care-journey\/\" \/>\n<meta property=\"og:locale\" content=\"es_MX\" \/>\n<meta property=\"og:type\" content=\"article\" \/>\n<meta property=\"og:title\" content=\"Meet the Curtis Family: A Foster Care Journey - Arms of Love Foster Care &amp; Parent Aide\" \/>\n<meta property=\"og:description\" content=\"Arms of Love | Partnering with the state to provide foster care and adoption services. Meet the Curtis Family: A Foster Care Journey.\" \/>\n<meta property=\"og:url\" content=\"https:\/\/abcsfostercare.com\/es\/meet-the-curtis-family-a-foster-care-journey\/\" \/>\n<meta property=\"og:site_name\" content=\"Arms of Love Foster Care &amp; Parent Aide\" \/>\n<meta property=\"article:published_time\" content=\"2025-05-01T20:12:10+00:00\" \/>\n<meta property=\"article:modified_time\" content=\"2025-05-05T16:43:42+00:00\" \/>\n<meta property=\"og:image\" content=\"https:\/\/abcsfostercare.com\/wp-content\/uploads\/sites\/3\/2025\/05\/Para-Curtis-Family-Foster-Care-Awareness-Month-Meet-The-Family.png\" \/>\n\t<meta property=\"og:image:width\" content=\"1620\" \/>\n\t<meta property=\"og:image:height\" content=\"2025\" \/>\n\t<meta property=\"og:image:type\" content=\"image\/png\" \/>\n<meta name=\"twitter:card\" content=\"summary_large_image\" \/>\n<meta name=\"twitter:label1\" content=\"Escrito por\" \/>\n\t<meta name=\"twitter:data1\" content=\"\" \/>\n\t<meta name=\"twitter:label2\" content=\"Tiempo de lectura\" \/>\n\t<meta name=\"twitter:data2\" content=\"4 minutos\" \/>\n<script type=\"application\/ld+json\" class=\"yoast-schema-graph\">{\"@context\":\"https:\\\/\\\/schema.org\",\"@graph\":[{\"@type\":\"Article\",\"@id\":\"https:\\\/\\\/abcsfostercare.com\\\/meet-the-curtis-family-a-foster-care-journey\\\/#article\",\"isPartOf\":{\"@id\":\"https:\\\/\\\/abcsfostercare.com\\\/meet-the-curtis-family-a-foster-care-journey\\\/\"},\"author\":{\"name\":\"\",\"@id\":\"\"},\"headline\":\"Meet the Curtis Family: A Foster Care Journey\",\"datePublished\":\"2025-05-01T20:12:10+00:00\",\"dateModified\":\"2025-05-05T16:43:42+00:00\",\"mainEntityOfPage\":{\"@id\":\"https:\\\/\\\/abcsfostercare.com\\\/meet-the-curtis-family-a-foster-care-journey\\\/\"},\"wordCount\":691,\"image\":{\"@id\":\"https:\\\/\\\/abcsfostercare.com\\\/meet-the-curtis-family-a-foster-care-journey\\\/#primaryimage\"},\"thumbnailUrl\":\"https:\\\/\\\/abcsfostercare.com\\\/wp-content\\\/uploads\\\/sites\\\/3\\\/2025\\\/05\\\/Para-Curtis-Family-Foster-Care-Awareness-Month-Meet-The-Family.png\",\"articleSection\":[\"Stories\"],\"inLanguage\":\"es\"},{\"@type\":\"WebPage\",\"@id\":\"https:\\\/\\\/abcsfostercare.com\\\/meet-the-curtis-family-a-foster-care-journey\\\/\",\"url\":\"https:\\\/\\\/abcsfostercare.com\\\/meet-the-curtis-family-a-foster-care-journey\\\/\",\"name\":\"Meet the Curtis Family: A Foster Care Journey - Arms of Love Foster Care &amp; Parent Aide\",\"isPartOf\":{\"@id\":\"https:\\\/\\\/abcsfostercare.com\\\/#website\"},\"primaryImageOfPage\":{\"@id\":\"https:\\\/\\\/abcsfostercare.com\\\/meet-the-curtis-family-a-foster-care-journey\\\/#primaryimage\"},\"image\":{\"@id\":\"https:\\\/\\\/abcsfostercare.com\\\/meet-the-curtis-family-a-foster-care-journey\\\/#primaryimage\"},\"thumbnailUrl\":\"https:\\\/\\\/abcsfostercare.com\\\/wp-content\\\/uploads\\\/sites\\\/3\\\/2025\\\/05\\\/Para-Curtis-Family-Foster-Care-Awareness-Month-Meet-The-Family.png\",\"datePublished\":\"2025-05-01T20:12:10+00:00\",\"dateModified\":\"2025-05-05T16:43:42+00:00\",\"author\":{\"@id\":\"\"},\"description\":\"Arms of Love | Partnering with the state to provide foster care and adoption services. Meet the Curtis Family: A Foster Care Journey.\",\"breadcrumb\":{\"@id\":\"https:\\\/\\\/abcsfostercare.com\\\/meet-the-curtis-family-a-foster-care-journey\\\/#breadcrumb\"},\"inLanguage\":\"es\",\"potentialAction\":[{\"@type\":\"ReadAction\",\"target\":[\"https:\\\/\\\/abcsfostercare.com\\\/meet-the-curtis-family-a-foster-care-journey\\\/\"]}]},{\"@type\":\"ImageObject\",\"inLanguage\":\"es\",\"@id\":\"https:\\\/\\\/abcsfostercare.com\\\/meet-the-curtis-family-a-foster-care-journey\\\/#primaryimage\",\"url\":\"https:\\\/\\\/abcsfostercare.com\\\/wp-content\\\/uploads\\\/sites\\\/3\\\/2025\\\/05\\\/Para-Curtis-Family-Foster-Care-Awareness-Month-Meet-The-Family.png\",\"contentUrl\":\"https:\\\/\\\/abcsfostercare.com\\\/wp-content\\\/uploads\\\/sites\\\/3\\\/2025\\\/05\\\/Para-Curtis-Family-Foster-Care-Awareness-Month-Meet-The-Family.png\",\"width\":1620,\"height\":2025,\"caption\":\"Meet the Para-Curtis Family: A Foster Care Journey.\"},{\"@type\":\"BreadcrumbList\",\"@id\":\"https:\\\/\\\/abcsfostercare.com\\\/meet-the-curtis-family-a-foster-care-journey\\\/#breadcrumb\",\"itemListElement\":[{\"@type\":\"ListItem\",\"position\":1,\"name\":\"Home\",\"item\":\"https:\\\/\\\/abcsfostercare.com\\\/\"},{\"@type\":\"ListItem\",\"position\":2,\"name\":\"Meet the Curtis Family: A Foster Care Journey\"}]},{\"@type\":\"WebSite\",\"@id\":\"https:\\\/\\\/abcsfostercare.com\\\/#website\",\"url\":\"https:\\\/\\\/abcsfostercare.com\\\/\",\"name\":\"Arms of Love Foster Care &amp; Parent Aide\",\"description\":\"Foster Care &amp; Parent Aide\",\"potentialAction\":[{\"@type\":\"SearchAction\",\"target\":{\"@type\":\"EntryPoint\",\"urlTemplate\":\"https:\\\/\\\/abcsfostercare.com\\\/?s={search_term_string}\"},\"query-input\":{\"@type\":\"PropertyValueSpecification\",\"valueRequired\":true,\"valueName\":\"search_term_string\"}}],\"inLanguage\":\"es\"},{\"@type\":\"Person\",\"@id\":\"\",\"url\":\"https:\\\/\\\/abcsfostercare.com\\\/es\\\/author\\\/\"}]}<\/script>\n<!-- \/ Yoast SEO plugin. -->","yoast_head_json":{"title":"Conozca a la familia Curtis: Una historia de acogimiento familiar - Arms of Love Foster Care &amp; Parent Aide","description":"Brazos de Amor | Colaborando con el estado para brindar servicios de acogida y adopci\u00f3n. Conoce a la familia Curtis: Una experiencia en acogida.","robots":{"index":"index","follow":"follow","max-snippet":"max-snippet:-1","max-image-preview":"max-image-preview:large","max-video-preview":"max-video-preview:-1"},"canonical":"https:\/\/abcsfostercare.com\/es\/meet-the-curtis-family-a-foster-care-journey\/","og_locale":"es_MX","og_type":"article","og_title":"Meet the Curtis Family: A Foster Care Journey - Arms of Love Foster Care &amp; Parent Aide","og_description":"Arms of Love | Partnering with the state to provide foster care and adoption services. Meet the Curtis Family: A Foster Care Journey.","og_url":"https:\/\/abcsfostercare.com\/es\/meet-the-curtis-family-a-foster-care-journey\/","og_site_name":"Arms of Love Foster Care &amp; Parent Aide","article_published_time":"2025-05-01T20:12:10+00:00","article_modified_time":"2025-05-05T16:43:42+00:00","og_image":[{"width":1620,"height":2025,"url":"https:\/\/abcsfostercare.com\/wp-content\/uploads\/sites\/3\/2025\/05\/Para-Curtis-Family-Foster-Care-Awareness-Month-Meet-The-Family.png","type":"image\/png"}],"twitter_card":"summary_large_image","twitter_misc":{"Escrito por":"","Tiempo de lectura":"4 minutos"},"schema":{"@context":"https:\/\/schema.org","@graph":[{"@type":"Article","@id":"https:\/\/abcsfostercare.com\/meet-the-curtis-family-a-foster-care-journey\/#article","isPartOf":{"@id":"https:\/\/abcsfostercare.com\/meet-the-curtis-family-a-foster-care-journey\/"},"author":{"name":"","@id":""},"headline":"Meet the Curtis Family: A Foster Care Journey","datePublished":"2025-05-01T20:12:10+00:00","dateModified":"2025-05-05T16:43:42+00:00","mainEntityOfPage":{"@id":"https:\/\/abcsfostercare.com\/meet-the-curtis-family-a-foster-care-journey\/"},"wordCount":691,"image":{"@id":"https:\/\/abcsfostercare.com\/meet-the-curtis-family-a-foster-care-journey\/#primaryimage"},"thumbnailUrl":"https:\/\/abcsfostercare.com\/wp-content\/uploads\/sites\/3\/2025\/05\/Para-Curtis-Family-Foster-Care-Awareness-Month-Meet-The-Family.png","articleSection":["Stories"],"inLanguage":"es"},{"@type":"WebPage","@id":"https:\/\/abcsfostercare.com\/meet-the-curtis-family-a-foster-care-journey\/","url":"https:\/\/abcsfostercare.com\/meet-the-curtis-family-a-foster-care-journey\/","name":"Conozca a la familia Curtis: Una historia de acogimiento familiar - Arms of Love Foster Care &amp; Parent Aide","isPartOf":{"@id":"https:\/\/abcsfostercare.com\/#website"},"primaryImageOfPage":{"@id":"https:\/\/abcsfostercare.com\/meet-the-curtis-family-a-foster-care-journey\/#primaryimage"},"image":{"@id":"https:\/\/abcsfostercare.com\/meet-the-curtis-family-a-foster-care-journey\/#primaryimage"},"thumbnailUrl":"https:\/\/abcsfostercare.com\/wp-content\/uploads\/sites\/3\/2025\/05\/Para-Curtis-Family-Foster-Care-Awareness-Month-Meet-The-Family.png","datePublished":"2025-05-01T20:12:10+00:00","dateModified":"2025-05-05T16:43:42+00:00","author":{"@id":""},"description":"Brazos de Amor | Colaborando con el estado para brindar servicios de acogida y adopci\u00f3n. Conoce a la familia Curtis: Una experiencia en acogida.","breadcrumb":{"@id":"https:\/\/abcsfostercare.com\/meet-the-curtis-family-a-foster-care-journey\/#breadcrumb"},"inLanguage":"es","potentialAction":[{"@type":"ReadAction","target":["https:\/\/abcsfostercare.com\/meet-the-curtis-family-a-foster-care-journey\/"]}]},{"@type":"ImageObject","inLanguage":"es","@id":"https:\/\/abcsfostercare.com\/meet-the-curtis-family-a-foster-care-journey\/#primaryimage","url":"https:\/\/abcsfostercare.com\/wp-content\/uploads\/sites\/3\/2025\/05\/Para-Curtis-Family-Foster-Care-Awareness-Month-Meet-The-Family.png","contentUrl":"https:\/\/abcsfostercare.com\/wp-content\/uploads\/sites\/3\/2025\/05\/Para-Curtis-Family-Foster-Care-Awareness-Month-Meet-The-Family.png","width":1620,"height":2025,"caption":"Meet the Para-Curtis Family: A Foster Care Journey."},{"@type":"BreadcrumbList","@id":"https:\/\/abcsfostercare.com\/meet-the-curtis-family-a-foster-care-journey\/#breadcrumb","itemListElement":[{"@type":"ListItem","position":1,"name":"Home","item":"https:\/\/abcsfostercare.com\/"},{"@type":"ListItem","position":2,"name":"Meet the Curtis Family: A Foster Care Journey"}]},{"@type":"WebSite","@id":"https:\/\/abcsfostercare.com\/#website","url":"https:\/\/abcsfostercare.com\/","name":"Arms of Love Foster Care y Parent Aide","description":"Cuidado de crianza y asistente de padres","potentialAction":[{"@type":"SearchAction","target":{"@type":"EntryPoint","urlTemplate":"https:\/\/abcsfostercare.com\/?s={search_term_string}"},"query-input":{"@type":"PropertyValueSpecification","valueRequired":true,"valueName":"search_term_string"}}],"inLanguage":"es"},{"@type":"Person","@id":"","url":"https:\/\/abcsfostercare.com\/es\/author\/"}]}},"_links":{"self":[{"href":"https:\/\/abcsfostercare.com\/es\/wp-json\/wp\/v2\/posts\/2664","targetHints":{"allow":["GET"]}}],"collection":[{"href":"https:\/\/abcsfostercare.com\/es\/wp-json\/wp\/v2\/posts"}],"about":[{"href":"https:\/\/abcsfostercare.com\/es\/wp-json\/wp\/v2\/types\/post"}],"author":[{"embeddable":true,"href":"https:\/\/abcsfostercare.com\/es\/wp-json\/wp\/v2\/users\/29"}],"replies":[{"embeddable":true,"href":"https:\/\/abcsfostercare.com\/es\/wp-json\/wp\/v2\/comments?post=2664"}],"version-history":[{"count":3,"href":"https:\/\/abcsfostercare.com\/es\/wp-json\/wp\/v2\/posts\/2664\/revisions"}],"predecessor-version":[{"id":2702,"href":"https:\/\/abcsfostercare.com\/es\/wp-json\/wp\/v2\/posts\/2664\/revisions\/2702"}],"wp:featuredmedia":[{"embeddable":true,"href":"https:\/\/abcsfostercare.com\/es\/wp-json\/wp\/v2\/media\/2665"}],"wp:attachment":[{"href":"https:\/\/abcsfostercare.com\/es\/wp-json\/wp\/v2\/media?parent=2664"}],"wp:term":[{"taxonomy":"category","embeddable":true,"href":"https:\/\/abcsfostercare.com\/es\/wp-json\/wp\/v2\/categories?post=2664"},{"taxonomy":"post_tag","embeddable":true,"href":"https:\/\/abcsfostercare.com\/es\/wp-json\/wp\/v2\/tags?post=2664"}],"curies":[{"name":"gracias","href":"https:\/\/api.w.org\/{rel}","templated":true}]}}